{"id":4524,"date":"2020-04-01T15:53:53","date_gmt":"2020-04-01T13:53:53","guid":{"rendered":"https:\/\/www.club-tennis-point.de\/gtv\/?p=4524"},"modified":"2022-03-10T15:54:40","modified_gmt":"2022-03-10T14:54:40","slug":"gtv-persoenliches","status":"publish","type":"post","link":"https:\/\/www.club-tennis-point.de\/gtv\/gtv-persoenliches\/","title":{"rendered":"GTV &#8211; Pers\u00f6nliches"},"content":{"rendered":"<p><img loading=\"lazy\" decoding=\"async\" src=\"https:\/\/tennis.guetersloher-turnverein.de\/images\/Bilder\/2020_Kaupenjohann_portrait.jpg\" width=\"500\" height=\"579\" \/><\/p>\n<h3><strong>Nachruf<\/strong><\/h3>\n<p>Uwe Kaupenjohann (72)<\/p>\n<p>Am 1. April 2020 mussten wir in der Tennisabteilung die traurige Nachricht zur Kenntnis nehmen, dass unser Freund<br \/>\nUwe den Kampf gegen das Corona-Virus verloren hat. Mit Best\u00fcrzung und Fassungslosigkeit hatten wir nach seinem Skiurlaub doch lange gehofft, dass er diesen\u00a0 unsichtbaren, t\u00fcckischen Gegner besiegen w\u00fcrde \u2013 leider vergeblich.<\/p>\n<p>Uwe war uns jahrzehntelang ein angenehmer, lebensfroher Sportsfreund. An sein unnachahmliches \u201eServe and Volley\u201c werden wir uns noch lange erinnern.<\/p>\n<p>Als Ski- und Nordic-Walking-Trainer war Uwe sicher einer der fittesten Oldies unter uns.<\/p>\n<p>Leider war der Gegner diesmal zu stark.<\/p>\n<p>Wir werden Uwe Kaupenjohann als Sportsmann und Freund in der Tennisabteilung, auf der roten Asche und in der Winter-Hallenrunde vermissen.<\/p>\n<h3><\/h3>\n<h3><\/h3>\n<h3><\/h3>\n<h3><\/h3>\n<h3><\/h3>\n<h3><\/h3>\n<h3>Spieler des Jahres 2018<\/h3>\n<p><img loading=\"lazy\" decoding=\"async\" src=\"https:\/\/tennis.guetersloher-turnverein.de\/images\/Bilder\/2018_Otto-Spieler-des-Jahres.jpg\" width=\"348\" height=\"500\" \/><\/p>\n<p>&nbsp;<\/p>\n<p>Seit nunmehr drei Jahren machen wir uns am Saisonende jeweils Gedanken dar\u00fcber, wen aus der Abteilung wir zum Spieler des Jahres k\u00fcren k\u00f6nnen und es hat nie gro\u00dfen Zweifel dar\u00fcber gegeben wen es denn nun jeweils treffen darf.<\/p>\n<p>2018 haben wir uns f\u00fcr ein Neumitglied entschieden: Otto Schramm, der auf Anhieb in souver\u00e4ner Weise den Sommercup f\u00fcr sich entschied und in den Spielen der Herren 60 (1.Mannschaft) in der Ostwestfalenliga spielstark mitwirkte. Otto, der 2018 vom Post SV G\u00fctersloh zu uns gesto\u00dfen ist, kann man mit gutem Gewissen als tennisbesessen bezeichnen. Wir gratulieren ihm herzlich als \u201eSpieler des Jahres 2018\u201c!<\/p>\n<h3><\/h3>\n<h3><\/h3>\n<h3>Neue Platzwarte 2018<img decoding=\"async\" src=\"https:\/\/tennis.guetersloher-turnverein.de\/images\/Bilder\/2018_Klipenstein.jpg\" alt=\"\" \/><\/h3>\n<p>Unser Ex-Platzwart Didi hat sich beruflich ver\u00e4ndert und konnte die Arbeit nicht l\u00e4nger \u00fcbernehmen. Die Bef\u00fcrchtung war, dass es recht schwierig sein k\u00f6nnte, jemand f\u00fcr diesen Job zu finden. Wir inserierten in Tageszeitungen, Stadtteilbl\u00e4ttern und Turnerpost und konnten uns nur \u00fcber die recht gro\u00dfe Anzahl der Interessierten wundern. Letztendlich haben wir uns entschieden und seit dem 1. April \u00fcbernimmt das Ehepaar Klipenstein die Arbeit als Platzwarte auf unserer Anlage. Frau Klipenstein wird sich mehr um Blumen, Beete und \u00e4hnliches k\u00fcmmern w\u00e4hrend ihr Mann die Pl\u00e4tze und \u00fcbrigen Anlagen betreut.<\/p>\n<h3>Spieler des Jahres 2017<\/h3>\n<h3><img loading=\"lazy\" decoding=\"async\" src=\"https:\/\/tennis.guetersloher-turnverein.de\/images\/Bilder\/2017-MileStadtmeister.JPG\" alt=\"\" width=\"294\" height=\"386\" \/><\/h3>\n<p>Seit letztem Jahr haben wir uns entschieden am Ende jeder Saison einen Spieler des Jahres aus unserer Abteilung zu k\u00fcren. Spieler des Jahres 2017 ist Milan &#8222;Mile&#8220; Vrban. Wenn irgendjemand aus der Abteilung mit Fug und Recht im positiven Sinn als tennisverr\u00fcckt bezeichnet werden kann, dann ist es Mile. Er ist mit seiner LK 13 der Spieler mit der h\u00f6chsten Einstufung in der Leistungsklasse innerhalb der Abteilung. Er spielt mit seinen 70 Jahren nat\u00fcrlich an der Position 1 der Herren 60 (1. Mannschaft) und trifft dort naturgem\u00e4\u00df oft auf wesentlich j\u00fcngere Gegner, denen er aber auf jeden Fall immer alles abverlangt. Daneben hat Mile auch in diesem Jahr an 4 regionalen Turnieren oder Meisterschaftsrunden teilgenommen und manchen Sieg errungen, der ihm gute LK-Punkte eingebracht hat. Insgesamt kamen in diesem Jahr 365 Punkte zusammen, was seinen Verbleib in der LK 13 garantierte. H\u00f6hepunkt war aber sein Sieg bei den Offenen G\u00fctersloher Stadtmeisterschaften f\u00fcr Senioren, den er mit einem 10:3 im Champions-Tiebreak gegen J\u00fcrgen Leck vom TC 71 G\u00fctersloh errang. Mile ist unerm\u00fcdlich auf der Anlage anzutreffen und selbst wenn er allein mit einem Eimer B\u00e4lle nur Aufschl\u00e4ge trainiert. Sucht jemand einen guten Spielpartner so empfiehlt es sich immer Mile anzurufen, der sagt selten Nein.<\/p>\n<h3><\/h3>\n<h3>Mile auch 2017 erneut Stadtmeister!<\/h3>\n<h3><img loading=\"lazy\" decoding=\"async\" src=\"https:\/\/tennis.guetersloher-turnverein.de\/images\/Bilder\/2017_Stadtmeister_Mile.jpg\" width=\"500\" height=\"333\" \/><\/h3>\n<p>Die &#8222;G\u00fctersloh-Open&#8220; fanden in diesem Jahr wieder auf der Anlage des TC 71 statt und nat\u00fcrlich hatte Milan Vrban wieder gemeldet. Und -Mile kennt das gar nicht anders- wieder musste er in einer seinem Alter nicht entsprechenden Klasse (Herren 60) gegen j\u00fcngere Spieler antreten. Nachdem er im Halbfinale mit J\u00fcrgen Danielzik den zweiten GTV-Spieler ausgeschaltet hatte, traf er wie zu erwarten im Finale wieder auf seinen &#8222;Angstgegner&#8220; J\u00fcrgen Leck. Diesmal aber gelang das Unternehmen Titelverteidigung auch gegen J\u00fcrgen und nach einem 10:3 im abschlie\u00dfenden Champions-Tiebreak konnte Mile den Siegerpokal in Empfang nahmen.<br \/>\nHerzlichen Gl\u00fcckwunsch!<\/p>\n<p>Dem Stadtmeister 2017 Mile gratuliert unser Pressewart Willi Emering (li)<\/p>\n<h3><\/h3>\n<p>&nbsp;<\/p>\n<h3>Nachruf<\/h3>\n<h1>Bernd Fritzsche<\/h1>\n<h2>+11.02.2017<\/h2>\n<p>Wir sind tief betroffen.<br \/>\nSein unerwarteter Tod ist f\u00fcr uns unfassbar.<br \/>\nEr war der langj\u00e4hrige 1. Vorsitzende der Tennisabteilung<br \/>\nim G\u00fcterloher Turnverein von 1879 e.V.<\/p>\n<p><img decoding=\"async\" src=\"https:\/\/tennis.guetersloher-turnverein.de\/images\/Bilder\/Bernd-Fritzsche-2017.jpg\" width=\"250\" \/><\/p>\n<p>Mit ihm verlieren wir nicht nur einen guten Freund<br \/>\nsondern auch einen gesch\u00e4tzten Tenniskameraden.<br \/>\nWir werden ihn sehr vermissen und die gemeinsamen<br \/>\nsch\u00f6nen Jahre werden wir in guter Erinnerung behalten.<\/p>\n<p>G\u00fctersloher Turnverein von 1879 e.V.<br \/>\nVorstand und Mitglieder der Tennisabteilung<br \/>\nGesch\u00e4ftsf\u00fchrender Vorstand &#8211; Gesamtvorstand<\/p>\n<h3>Spieler des Jahres 2016<\/h3>\n<p>Wir haben uns entschlossen, j\u00e4hrlich einen \u201eSpieler des Jahres\u201c zu k\u00fcren. Aber wie sollen die Kriterien aussehen? Leistung auf dem Platz spiegelt sich am besten in der Bilanz der Leistungsklassen-Punkte wieder. Wer also hat die meisten Punkte erspielt und steigt in der LK-Bilanz am erfolgreichsten auf? In diesem Jahr keine Frage:\u00a0<strong>Hans Frielinghaus<\/strong>\u00a0hat bis Ende Juni<strong>\u00a0950 LK-Punkte<\/strong>\u00a0erk\u00e4mpft und steigt damit von der LK 22 in die LK 19 auf. Wir gratulieren Hans ganz herzlich, der diese Punkte nicht nur in Medenspielen der Herren75 sondern auch durch Teilnahme an Senioren-Turnieren erk\u00e4mpft hat.<\/p>\n<p><img decoding=\"async\" src=\"https:\/\/tennis.guetersloher-turnverein.de\/images\/Bilder\/2016_Spielder_Frielinghaus.jpg\" alt=\"\" \/>Hans Frielinghaus, Spieler des Jahres (links) mit unserem Sportwart Manfred<\/p>\n<h3><strong>Wir haben einen neuen Platzwart!<\/strong><\/h3>\n<p>Da haben wir noch einmal Gl\u00fcck gehabt! Kurz vor dem Saisonstart 2016\u00a0hat uns der bisherige Platzwart (Abteilungsmitglied) mitgeteilt, dass er seine Arbeit nicht mehr fortf\u00fchren wolle. Die ersten Arbeiten f\u00fcr die Saisoner\u00f6ffnung 2016 haben daher viele flei\u00dfige Abteilungsmitglieder geleistet. Vielen Dank f\u00fcr den starken Einsatz!<\/p>\n<p>Nun haben wir\u00a0zum 01.05.2016 einen neuen Platzwart gefunden. Und der hat seither au\u00dferordentliche Arbeit auf der Anlage geleistet.<\/p>\n<p><img decoding=\"async\" src=\"https:\/\/tennis.guetersloher-turnverein.de\/images\/Bilder\/2016-Platzwart.jpg\" alt=\"\" \/><br \/>\nUnser Platzwart &#8222;Didi&#8220; Boudaa<\/p>\n<h3><\/h3>\n<h3><strong>Mile ist Stadtmeister<\/strong><\/h3>\n<p>Wir haben eigentlich nur einen Spieler in unseren Reihen, der es regelm\u00e4\u00dfig wagt an regionalen Meisterschaftsturnieren teilzunehmen. Mile (Milan) Vrban, der eigentlich fast Herren 70 spielen k\u00f6nnte aber bei den Herren 55 noch immer die Nummer 1 ist, hat auch in diesem Jahr wieder an Stadt-, Kreis-, und Bezirksmeisterschaften teilgenommen. Bei den G\u00fctersloher Stadtmeisterschaften auf der Anlage des TC 71 G\u00fctersloh trat er in der Spielklasse Herren 65 an und konnte sich den Titel des Stadtmeisters erk\u00e4mpfen. Nach 2 Vorrundenspielen war das Endspiel erreicht, in dem er sich mit 6:3 und 7:5 gegen Helmut Strothotte vom ausrichtenden TC 71 durchsetzen konnte. Die Abteilung gratuliert herzlich!<\/p>\n<p><img decoding=\"async\" src=\"https:\/\/tennis.guetersloher-turnverein.de\/images\/Bilder\/2015_Stadtmeister-Mile.jpg\" alt=\"\" width=\"500\" \/><\/p>\n<p>&nbsp;<\/p>\n<h3>\u00dcberraschung!!!<\/h3>\n<p>Anl\u00e4sslich ihres runden Geburtstages wurde Jutta Strothotte von Willi Emering mit einem Blumenstrau\u00df von der \u00dc60-Mannschaft \u00fcberrascht. Jutta, im Vorstand aktive\u00a0Vergn\u00fcgungswartin der Tennisabteilung, bewirtete in den vergangenen Jahren unz\u00e4hlige Male Gastmannschaften sowie nat\u00fcrlich die eigenen Teams mit selbst hergestellten, leckeren Kocharrangements.<img loading=\"lazy\" decoding=\"async\" src=\"https:\/\/tennis.guetersloher-turnverein.de\/images\/Bilder\/2014-Jutta.jpg\" alt=\"\" width=\"500\" height=\"666\" \/>Ebenso ist sie eine richtig gute Tennisspielerin. Ihre Wettkampfqualit\u00e4ten mussten auch schon m\u00e4nnliche Spieler, innerhalb unserer Sommer-Turniere, zur Kenntnis nehmen! Liebe Jutta, nachtr\u00e4glich nochmals herzlichen Gl\u00fcckwunsch und dass du uns weiterhin mit deinen Kochk\u00fcnsten und deiner\u00a0unersetzlichen Arbeit im Vorstand erhalten bleibst!<\/p>\n<p>&nbsp;<\/p>\n<h3>25 Jahre Sportwart<\/h3>\n<p>Manfred Strothotte fungiert seit 1989 als Sportwart der Tennisabteilung. Neben seiner ehrenamtlichen T\u00e4tigkeit als Sportwart, ist der D\u00e4nemark-Fan auch in Sachen Geo-Caching unterwegs. In der Adventszeit hat er einen festen Platz in der Adventss\u00e4ngermannschaft &#8222;Nordhorn&#8220;.<\/p>\n<p>Allerdings haben wir (die Tenniscrew) ihn noch nie im Clubheim singend erlebt&#8230; Was wird uns da vorenthalten?<\/p>\n<p>Er managt nicht nur die im Mai\/Juni stattfindenden Medenspiele, sondern auch die von Juli bis Oktober mit gro\u00dfer Beliebtheit stattfindenden Sommercup-Turniere.Bescheidenheit, Erfahrung, Flei\u00df, Intelligenz und Sachverstand sind die Merkmale des pensionierten Hauptschullehrers. Dadurch ist er ein wichtiger und beliebter Eckpfeiler in der &#8222;Turner-Tennis-Familie&#8220; geworden. Zusammen mit seiner Frau Jutta (siehe Kurzbericht &#8222;\u00dcberraschung&#8220;) organisieren die beiden Strothottes auch die mehrmals im Jahr stattfindenden &#8222;Gourmet-Abende&#8220;. Hier werden sie tatkr\u00e4ftig von Jutta Landwehr, Werner Gierhake und Sabine Gallach unterst\u00fctzt. Also, bei uns ist immer etwas los!<img loading=\"lazy\" decoding=\"async\" src=\"https:\/\/tennis.guetersloher-turnverein.de\/images\/Bilder\/2014-Manfred.jpg\" alt=\"\" width=\"500\" height=\"666\" \/><\/p>\n<p>Im Namen der gesamten Tennisabteilung gratuliert unser Boss Bernd Fritzsche.<\/p>\n<p>&nbsp;<\/p>\n<p><img decoding=\"async\" src=\"https:\/\/tennis.guetersloher-turnverein.de\/images\/Bilder\/2014-Platzabrumen.jpg\" alt=\"\" width=\"500\" \/><br \/>\nWas macht der da? Mile sp\u00fclt den Staub der Saison weg!<\/p>\n<p>&nbsp;<\/p>\n<p>&nbsp;<\/p>\n<p>&nbsp;<\/p>\n<p><img decoding=\"async\" src=\"https:\/\/tennis.guetersloher-turnverein.de\/images\/Bilder\/2011-Reini_Platzpflege.jpg\" alt=\"\" \/><br \/>\nunser Trainer Reini bei der Platzpflege<\/p>\n","protected":false},"excerpt":{"rendered":"<p>Nachruf Uwe Kaupenjohann (72) Am 1. April 2020 mussten wir in der Tennisabteilung die traurige Nachricht zur Kenntnis nehmen, dass unser Freund Uwe den Kampf gegen das Corona-Virus verloren hat. Mit Best\u00fcrzung und Fassungslosigkeit hatten wir nach seinem Skiurlaub doch lange gehofft, dass er diesen\u00a0 unsichtbaren, t\u00fcckischen Gegner besiegen w\u00fcrde \u2013 leider vergeblich. Uwe war&#8230;<\/p>\n<div class=\"read-more-link-wrapper text-center\"><a class=\"read-more-link\" href=\"https:\/\/www.club-tennis-point.de\/gtv\/gtv-persoenliches\/\"><i class=\"icon-next\"><\/i>Weiterlesen<\/a><\/div>\n","protected":false},"author":1,"featured_media":4527,"comment_status":"open","ping_status":"open","sticky":false,"template":"","format":"standard","meta":{"footnotes":""},"categories":[1],"tags":[],"class_list":["post-4524","post","type-post","status-publish","format-standard","has-post-thumbnail","hentry","category-allgemein"],"yoast_head":"<!-- This site is optimized with the Yoast SEO plugin v27.1.1 - https:\/\/yoast.com\/product\/yoast-seo-wordpress\/ -->\n<title>GTV - Pers\u00f6nliches - GTV - Club Tennis-Point<\/title>\n<meta name=\"robots\" content=\"index, follow, max-snippet:-1, max-image-preview:large, max-video-preview:-1\" \/>\n<link rel=\"canonical\" href=\"https:\/\/www.club-tennis-point.de\/gtv\/gtv-persoenliches\/\" \/>\n<meta property=\"og:locale\" content=\"de_DE\" \/>\n<meta property=\"og:type\" content=\"article\" \/>\n<meta property=\"og:title\" content=\"GTV - Pers\u00f6nliches - GTV - Club Tennis-Point\" \/>\n<meta property=\"og:description\" content=\"Nachruf Uwe Kaupenjohann (72) Am 1. April 2020 mussten wir in der Tennisabteilung die traurige Nachricht zur Kenntnis nehmen, dass unser Freund Uwe den Kampf gegen das Corona-Virus verloren hat. Mit Best\u00fcrzung und Fassungslosigkeit hatten wir nach seinem Skiurlaub doch lange gehofft, dass er diesen\u00a0 unsichtbaren, t\u00fcckischen Gegner besiegen w\u00fcrde \u2013 leider vergeblich. Uwe war...Weiterlesen\" \/>\n<meta property=\"og:url\" content=\"https:\/\/www.club-tennis-point.de\/gtv\/gtv-persoenliches\/\" \/>\n<meta property=\"og:site_name\" content=\"GTV - Club Tennis-Point\" \/>\n<meta property=\"article:published_time\" content=\"2020-04-01T13:53:53+00:00\" \/>\n<meta property=\"article:modified_time\" content=\"2022-03-10T14:54:40+00:00\" \/>\n<meta property=\"og:image\" content=\"https:\/\/www.club-tennis-point.de\/gtv\/wp-content\/uploads\/2020\/04\/2014-Jutta.jpg\" \/>\n\t<meta property=\"og:image:width\" content=\"500\" \/>\n\t<meta property=\"og:image:height\" content=\"666\" \/>\n\t<meta property=\"og:image:type\" content=\"image\/jpeg\" \/>\n<meta name=\"author\" content=\"mjasper\" \/>\n<meta name=\"twitter:card\" content=\"summary_large_image\" \/>\n<meta name=\"twitter:label1\" content=\"Verfasst von\" \/>\n\t<meta name=\"twitter:data1\" content=\"mjasper\" \/>\n\t<meta name=\"twitter:label2\" content=\"Gesch\u00e4tzte Lesezeit\" \/>\n\t<meta name=\"twitter:data2\" content=\"6\u00a0Minuten\" \/>\n<script type=\"application\/ld+json\" class=\"yoast-schema-graph\">{\"@context\":\"https:\/\/schema.org\",\"@graph\":[{\"@type\":\"Article\",\"@id\":\"https:\/\/www.club-tennis-point.de\/gtv\/gtv-persoenliches\/#article\",\"isPartOf\":{\"@id\":\"https:\/\/www.club-tennis-point.de\/gtv\/gtv-persoenliches\/\"},\"author\":{\"name\":\"mjasper\",\"@id\":\"https:\/\/www.club-tennis-point.de\/gtv\/#\/schema\/person\/a5d37a24c53ec7ff00b3d28198e4f574\"},\"headline\":\"GTV &#8211; Pers\u00f6nliches\",\"datePublished\":\"2020-04-01T13:53:53+00:00\",\"dateModified\":\"2022-03-10T14:54:40+00:00\",\"mainEntityOfPage\":{\"@id\":\"https:\/\/www.club-tennis-point.de\/gtv\/gtv-persoenliches\/\"},\"wordCount\":1288,\"commentCount\":0,\"image\":{\"@id\":\"https:\/\/www.club-tennis-point.de\/gtv\/gtv-persoenliches\/#primaryimage\"},\"thumbnailUrl\":\"https:\/\/www.club-tennis-point.de\/gtv\/wp-content\/uploads\/2020\/04\/2014-Jutta.jpg\",\"inLanguage\":\"de\",\"potentialAction\":[{\"@type\":\"CommentAction\",\"name\":\"Comment\",\"target\":[\"https:\/\/www.club-tennis-point.de\/gtv\/gtv-persoenliches\/#respond\"]}]},{\"@type\":\"WebPage\",\"@id\":\"https:\/\/www.club-tennis-point.de\/gtv\/gtv-persoenliches\/\",\"url\":\"https:\/\/www.club-tennis-point.de\/gtv\/gtv-persoenliches\/\",\"name\":\"GTV - Pers\u00f6nliches - GTV - Club Tennis-Point\",\"isPartOf\":{\"@id\":\"https:\/\/www.club-tennis-point.de\/gtv\/#website\"},\"primaryImageOfPage\":{\"@id\":\"https:\/\/www.club-tennis-point.de\/gtv\/gtv-persoenliches\/#primaryimage\"},\"image\":{\"@id\":\"https:\/\/www.club-tennis-point.de\/gtv\/gtv-persoenliches\/#primaryimage\"},\"thumbnailUrl\":\"https:\/\/www.club-tennis-point.de\/gtv\/wp-content\/uploads\/2020\/04\/2014-Jutta.jpg\",\"datePublished\":\"2020-04-01T13:53:53+00:00\",\"dateModified\":\"2022-03-10T14:54:40+00:00\",\"author\":{\"@id\":\"https:\/\/www.club-tennis-point.de\/gtv\/#\/schema\/person\/a5d37a24c53ec7ff00b3d28198e4f574\"},\"breadcrumb\":{\"@id\":\"https:\/\/www.club-tennis-point.de\/gtv\/gtv-persoenliches\/#breadcrumb\"},\"inLanguage\":\"de\",\"potentialAction\":[{\"@type\":\"ReadAction\",\"target\":[\"https:\/\/www.club-tennis-point.de\/gtv\/gtv-persoenliches\/\"]}]},{\"@type\":\"ImageObject\",\"inLanguage\":\"de\",\"@id\":\"https:\/\/www.club-tennis-point.de\/gtv\/gtv-persoenliches\/#primaryimage\",\"url\":\"https:\/\/www.club-tennis-point.de\/gtv\/wp-content\/uploads\/2020\/04\/2014-Jutta.jpg\",\"contentUrl\":\"https:\/\/www.club-tennis-point.de\/gtv\/wp-content\/uploads\/2020\/04\/2014-Jutta.jpg\",\"width\":500,\"height\":666},{\"@type\":\"BreadcrumbList\",\"@id\":\"https:\/\/www.club-tennis-point.de\/gtv\/gtv-persoenliches\/#breadcrumb\",\"itemListElement\":[{\"@type\":\"ListItem\",\"position\":1,\"name\":\"Startseite\",\"item\":\"https:\/\/www.club-tennis-point.de\/gtv\/\"},{\"@type\":\"ListItem\",\"position\":2,\"name\":\"GTV &#8211; Pers\u00f6nliches\"}]},{\"@type\":\"WebSite\",\"@id\":\"https:\/\/www.club-tennis-point.de\/gtv\/#website\",\"url\":\"https:\/\/www.club-tennis-point.de\/gtv\/\",\"name\":\"GTV - Club Tennis-Point\",\"description\":\"Tennisclub der Zukunft\",\"potentialAction\":[{\"@type\":\"SearchAction\",\"target\":{\"@type\":\"EntryPoint\",\"urlTemplate\":\"https:\/\/www.club-tennis-point.de\/gtv\/?s={search_term_string}\"},\"query-input\":{\"@type\":\"PropertyValueSpecification\",\"valueRequired\":true,\"valueName\":\"search_term_string\"}}],\"inLanguage\":\"de\"},{\"@type\":\"Person\",\"@id\":\"https:\/\/www.club-tennis-point.de\/gtv\/#\/schema\/person\/a5d37a24c53ec7ff00b3d28198e4f574\",\"name\":\"mjasper\",\"image\":{\"@type\":\"ImageObject\",\"inLanguage\":\"de\",\"@id\":\"https:\/\/www.club-tennis-point.de\/gtv\/#\/schema\/person\/image\/\",\"url\":\"https:\/\/secure.gravatar.com\/avatar\/6c440f9184719753b67aa1a8e9d12aa24776507d26e03c0e3c75ff0470d51984?s=96&d=mm&r=g\",\"contentUrl\":\"https:\/\/secure.gravatar.com\/avatar\/6c440f9184719753b67aa1a8e9d12aa24776507d26e03c0e3c75ff0470d51984?s=96&d=mm&r=g\",\"caption\":\"mjasper\"},\"sameAs\":[\"http:\/\/tennis.manuel-jasper.de\"],\"url\":\"https:\/\/www.club-tennis-point.de\/gtv\/author\/mjasper\/\"}]}<\/script>\n<!-- \/ Yoast SEO plugin. -->","yoast_head_json":{"title":"GTV - Pers\u00f6nliches - GTV - Club Tennis-Point","robots":{"index":"index","follow":"follow","max-snippet":"max-snippet:-1","max-image-preview":"max-image-preview:large","max-video-preview":"max-video-preview:-1"},"canonical":"https:\/\/www.club-tennis-point.de\/gtv\/gtv-persoenliches\/","og_locale":"de_DE","og_type":"article","og_title":"GTV - Pers\u00f6nliches - GTV - Club Tennis-Point","og_description":"Nachruf Uwe Kaupenjohann (72) Am 1. April 2020 mussten wir in der Tennisabteilung die traurige Nachricht zur Kenntnis nehmen, dass unser Freund Uwe den Kampf gegen das Corona-Virus verloren hat. Mit Best\u00fcrzung und Fassungslosigkeit hatten wir nach seinem Skiurlaub doch lange gehofft, dass er diesen\u00a0 unsichtbaren, t\u00fcckischen Gegner besiegen w\u00fcrde \u2013 leider vergeblich. Uwe war...Weiterlesen","og_url":"https:\/\/www.club-tennis-point.de\/gtv\/gtv-persoenliches\/","og_site_name":"GTV - Club Tennis-Point","article_published_time":"2020-04-01T13:53:53+00:00","article_modified_time":"2022-03-10T14:54:40+00:00","og_image":[{"width":500,"height":666,"url":"https:\/\/www.club-tennis-point.de\/gtv\/wp-content\/uploads\/2020\/04\/2014-Jutta.jpg","type":"image\/jpeg"}],"author":"mjasper","twitter_card":"summary_large_image","twitter_misc":{"Verfasst von":"mjasper","Gesch\u00e4tzte Lesezeit":"6\u00a0Minuten"},"schema":{"@context":"https:\/\/schema.org","@graph":[{"@type":"Article","@id":"https:\/\/www.club-tennis-point.de\/gtv\/gtv-persoenliches\/#article","isPartOf":{"@id":"https:\/\/www.club-tennis-point.de\/gtv\/gtv-persoenliches\/"},"author":{"name":"mjasper","@id":"https:\/\/www.club-tennis-point.de\/gtv\/#\/schema\/person\/a5d37a24c53ec7ff00b3d28198e4f574"},"headline":"GTV &#8211; Pers\u00f6nliches","datePublished":"2020-04-01T13:53:53+00:00","dateModified":"2022-03-10T14:54:40+00:00","mainEntityOfPage":{"@id":"https:\/\/www.club-tennis-point.de\/gtv\/gtv-persoenliches\/"},"wordCount":1288,"commentCount":0,"image":{"@id":"https:\/\/www.club-tennis-point.de\/gtv\/gtv-persoenliches\/#primaryimage"},"thumbnailUrl":"https:\/\/www.club-tennis-point.de\/gtv\/wp-content\/uploads\/2020\/04\/2014-Jutta.jpg","inLanguage":"de","potentialAction":[{"@type":"CommentAction","name":"Comment","target":["https:\/\/www.club-tennis-point.de\/gtv\/gtv-persoenliches\/#respond"]}]},{"@type":"WebPage","@id":"https:\/\/www.club-tennis-point.de\/gtv\/gtv-persoenliches\/","url":"https:\/\/www.club-tennis-point.de\/gtv\/gtv-persoenliches\/","name":"GTV - Pers\u00f6nliches - GTV - Club Tennis-Point","isPartOf":{"@id":"https:\/\/www.club-tennis-point.de\/gtv\/#website"},"primaryImageOfPage":{"@id":"https:\/\/www.club-tennis-point.de\/gtv\/gtv-persoenliches\/#primaryimage"},"image":{"@id":"https:\/\/www.club-tennis-point.de\/gtv\/gtv-persoenliches\/#primaryimage"},"thumbnailUrl":"https:\/\/www.club-tennis-point.de\/gtv\/wp-content\/uploads\/2020\/04\/2014-Jutta.jpg","datePublished":"2020-04-01T13:53:53+00:00","dateModified":"2022-03-10T14:54:40+00:00","author":{"@id":"https:\/\/www.club-tennis-point.de\/gtv\/#\/schema\/person\/a5d37a24c53ec7ff00b3d28198e4f574"},"breadcrumb":{"@id":"https:\/\/www.club-tennis-point.de\/gtv\/gtv-persoenliches\/#breadcrumb"},"inLanguage":"de","potentialAction":[{"@type":"ReadAction","target":["https:\/\/www.club-tennis-point.de\/gtv\/gtv-persoenliches\/"]}]},{"@type":"ImageObject","inLanguage":"de","@id":"https:\/\/www.club-tennis-point.de\/gtv\/gtv-persoenliches\/#primaryimage","url":"https:\/\/www.club-tennis-point.de\/gtv\/wp-content\/uploads\/2020\/04\/2014-Jutta.jpg","contentUrl":"https:\/\/www.club-tennis-point.de\/gtv\/wp-content\/uploads\/2020\/04\/2014-Jutta.jpg","width":500,"height":666},{"@type":"BreadcrumbList","@id":"https:\/\/www.club-tennis-point.de\/gtv\/gtv-persoenliches\/#breadcrumb","itemListElement":[{"@type":"ListItem","position":1,"name":"Startseite","item":"https:\/\/www.club-tennis-point.de\/gtv\/"},{"@type":"ListItem","position":2,"name":"GTV &#8211; Pers\u00f6nliches"}]},{"@type":"WebSite","@id":"https:\/\/www.club-tennis-point.de\/gtv\/#website","url":"https:\/\/www.club-tennis-point.de\/gtv\/","name":"GTV - Club Tennis-Point","description":"Tennisclub der Zukunft","potentialAction":[{"@type":"SearchAction","target":{"@type":"EntryPoint","urlTemplate":"https:\/\/www.club-tennis-point.de\/gtv\/?s={search_term_string}"},"query-input":{"@type":"PropertyValueSpecification","valueRequired":true,"valueName":"search_term_string"}}],"inLanguage":"de"},{"@type":"Person","@id":"https:\/\/www.club-tennis-point.de\/gtv\/#\/schema\/person\/a5d37a24c53ec7ff00b3d28198e4f574","name":"mjasper","image":{"@type":"ImageObject","inLanguage":"de","@id":"https:\/\/www.club-tennis-point.de\/gtv\/#\/schema\/person\/image\/","url":"https:\/\/secure.gravatar.com\/avatar\/6c440f9184719753b67aa1a8e9d12aa24776507d26e03c0e3c75ff0470d51984?s=96&d=mm&r=g","contentUrl":"https:\/\/secure.gravatar.com\/avatar\/6c440f9184719753b67aa1a8e9d12aa24776507d26e03c0e3c75ff0470d51984?s=96&d=mm&r=g","caption":"mjasper"},"sameAs":["http:\/\/tennis.manuel-jasper.de"],"url":"https:\/\/www.club-tennis-point.de\/gtv\/author\/mjasper\/"}]}},"_links":{"self":[{"href":"https:\/\/www.club-tennis-point.de\/gtv\/wp-json\/wp\/v2\/posts\/4524","targetHints":{"allow":["GET"]}}],"collection":[{"href":"https:\/\/www.club-tennis-point.de\/gtv\/wp-json\/wp\/v2\/posts"}],"about":[{"href":"https:\/\/www.club-tennis-point.de\/gtv\/wp-json\/wp\/v2\/types\/post"}],"author":[{"embeddable":true,"href":"https:\/\/www.club-tennis-point.de\/gtv\/wp-json\/wp\/v2\/users\/1"}],"replies":[{"embeddable":true,"href":"https:\/\/www.club-tennis-point.de\/gtv\/wp-json\/wp\/v2\/comments?post=4524"}],"version-history":[{"count":1,"href":"https:\/\/www.club-tennis-point.de\/gtv\/wp-json\/wp\/v2\/posts\/4524\/revisions"}],"predecessor-version":[{"id":4525,"href":"https:\/\/www.club-tennis-point.de\/gtv\/wp-json\/wp\/v2\/posts\/4524\/revisions\/4525"}],"wp:featuredmedia":[{"embeddable":true,"href":"https:\/\/www.club-tennis-point.de\/gtv\/wp-json\/wp\/v2\/media\/4527"}],"wp:attachment":[{"href":"https:\/\/www.club-tennis-point.de\/gtv\/wp-json\/wp\/v2\/media?parent=4524"}],"wp:term":[{"taxonomy":"category","embeddable":true,"href":"https:\/\/www.club-tennis-point.de\/gtv\/wp-json\/wp\/v2\/categories?post=4524"},{"taxonomy":"post_tag","embeddable":true,"href":"https:\/\/www.club-tennis-point.de\/gtv\/wp-json\/wp\/v2\/tags?post=4524"}],"curies":[{"name":"wp","href":"https:\/\/api.w.org\/{rel}","templated":true}]}}