{"id":4850,"date":"2023-04-21T12:50:56","date_gmt":"2023-04-21T10:50:56","guid":{"rendered":"https:\/\/www.club-tennis-point.de\/gtv\/?p=4850"},"modified":"2023-04-21T12:50:56","modified_gmt":"2023-04-21T10:50:56","slug":"saison-2023","status":"publish","type":"post","link":"https:\/\/www.club-tennis-point.de\/gtv\/saison-2023\/","title":{"rendered":"Saisoner\u00f6ffnung 2023"},"content":{"rendered":"<p>Liebe Mitglieder*innen,<\/p>\n<p>endlich ist es wieder soweit und die Tennis-Au\u00dfensaison beginnt. Morgen am<br \/>\n22. April \u00f6ffnen unsere Pl\u00e4tze und parallel findet das Event \u201cTag des Tennis &amp; Padel\u201d statt.<\/p>\n<p>Ihr habt es bestimmt schon gesehen, rund um unser Clubheim befindet sich derzeit eine \u00a0Baustelle. Die Arbeiten gehen aus diversen Gr\u00fcnden aktuell nicht so voran, wie geplant. Davon wollen wir uns allerdings nicht \u00e4rgern lassen und haben viele Alternativen geschaffen bzw. arbeiten \u00a0kontinuierlich an vielen Versch\u00f6nerungsma\u00dfnahmen um euch trotzdem eine sch\u00f6ne Saison zu bescheren:<\/p>\n<p>Da unsere <strong>Umkleiden, Duschen und Toiletten<\/strong> nicht nutzbar sind, k\u00f6nnt ihr die R\u00e4umlichkeiten in der Tennishalle nutzen.<\/p>\n<p><strong>Players Room<\/strong>: Direkt neben dem Clubheim steht ein neuer, gelber Container. Hier k\u00f6nnt ihr aus den Automaten <strong>B\u00e4lle, Griffb\u00e4nder, Getr\u00e4nke, Kaffee, Snacks, Tennis- und Padelleihschl\u00e4ger, Besaitung und noch viel mehr<\/strong> bekommen. Zudem steht hier auch wieder unser Terminal f\u00fcr die Platzbuchung<\/p>\n<p><strong>Terrassen-Umbau<\/strong>: Anfang Mai werden wir die Terrasse vor Platz 1 umbauen und vergr\u00f6\u00dfern, damit ihr nach dem Spiel noch gem\u00fctlicher das ein oder andere Kaltgetr\u00e4nk genie\u00dfen k\u00f6nnt.<\/p>\n<p><strong>Clubheim-Umbau<\/strong>:\u00a0Auch unser Clubheim bekommt einen neuen Look. Alles passiert in den n\u00e4chsten Wochen. Also seid gespannt! (Solltet ihr handwerklich begabt, wie z.B. das Verlegen von neuen B\u00f6den, Malern etc. dann meldet euch gerne bei uns. Wir k\u00f6nnen jede Hilfe gebrauchen.<\/p>\n<p>Euer Vorstand<br \/>\nGTV &#8211; Club Tennis-Point<\/p>\n","protected":false},"excerpt":{"rendered":"<p>Liebe Mitglieder*innen, endlich ist es wieder soweit und die Tennis-Au\u00dfensaison beginnt. Morgen am 22. April \u00f6ffnen unsere Pl\u00e4tze und parallel findet das Event \u201cTag des Tennis &amp; Padel\u201d statt. Ihr habt es bestimmt schon gesehen, rund um unser Clubheim befindet sich derzeit eine \u00a0Baustelle. Die Arbeiten gehen aus diversen Gr\u00fcnden aktuell nicht so voran, wie&#8230;<\/p>\n<div class=\"read-more-link-wrapper text-center\"><a class=\"read-more-link\" href=\"https:\/\/www.club-tennis-point.de\/gtv\/saison-2023\/\"><i class=\"icon-next\"><\/i>Weiterlesen<\/a><\/div>\n","protected":false},"author":1,"featured_media":4144,"comment_status":"open","ping_status":"open","sticky":false,"template":"","format":"standard","meta":{"footnotes":""},"categories":[1],"tags":[],"class_list":["post-4850","post","type-post","status-publish","format-standard","has-post-thumbnail","hentry","category-allgemein"],"yoast_head":"<!-- This site is optimized with the Yoast SEO plugin v27.1.1 - https:\/\/yoast.com\/product\/yoast-seo-wordpress\/ -->\n<title>Saisoner\u00f6ffnung 2023 - GTV - Club Tennis-Point<\/title>\n<meta name=\"robots\" content=\"index, follow, max-snippet:-1, max-image-preview:large, max-video-preview:-1\" \/>\n<link rel=\"canonical\" href=\"https:\/\/www.club-tennis-point.de\/gtv\/saison-2023\/\" \/>\n<meta property=\"og:locale\" content=\"de_DE\" \/>\n<meta property=\"og:type\" content=\"article\" \/>\n<meta property=\"og:title\" content=\"Saisoner\u00f6ffnung 2023 - GTV - Club Tennis-Point\" \/>\n<meta property=\"og:description\" content=\"Liebe Mitglieder*innen, endlich ist es wieder soweit und die Tennis-Au\u00dfensaison beginnt. Morgen am 22. April \u00f6ffnen unsere Pl\u00e4tze und parallel findet das Event \u201cTag des Tennis &amp; Padel\u201d statt. Ihr habt es bestimmt schon gesehen, rund um unser Clubheim befindet sich derzeit eine \u00a0Baustelle. Die Arbeiten gehen aus diversen Gr\u00fcnden aktuell nicht so voran, wie...Weiterlesen\" \/>\n<meta property=\"og:url\" content=\"https:\/\/www.club-tennis-point.de\/gtv\/saison-2023\/\" \/>\n<meta property=\"og:site_name\" content=\"GTV - Club Tennis-Point\" \/>\n<meta property=\"article:published_time\" content=\"2023-04-21T10:50:56+00:00\" \/>\n<meta property=\"og:image\" content=\"https:\/\/www.club-tennis-point.de\/gtv\/wp-content\/uploads\/2018\/02\/2021-09-05-Tag-der-offenen-Tuer-32-scaled.jpg\" \/>\n\t<meta property=\"og:image:width\" content=\"2560\" \/>\n\t<meta property=\"og:image:height\" content=\"1707\" \/>\n\t<meta property=\"og:image:type\" content=\"image\/jpeg\" \/>\n<meta name=\"author\" content=\"mjasper\" \/>\n<meta name=\"twitter:card\" content=\"summary_large_image\" \/>\n<meta name=\"twitter:label1\" content=\"Verfasst von\" \/>\n\t<meta name=\"twitter:data1\" content=\"mjasper\" \/>\n\t<meta name=\"twitter:label2\" content=\"Gesch\u00e4tzte Lesezeit\" \/>\n\t<meta name=\"twitter:data2\" content=\"1\u00a0Minute\" \/>\n<script type=\"application\/ld+json\" class=\"yoast-schema-graph\">{\"@context\":\"https:\/\/schema.org\",\"@graph\":[{\"@type\":\"Article\",\"@id\":\"https:\/\/www.club-tennis-point.de\/gtv\/saison-2023\/#article\",\"isPartOf\":{\"@id\":\"https:\/\/www.club-tennis-point.de\/gtv\/saison-2023\/\"},\"author\":{\"name\":\"mjasper\",\"@id\":\"https:\/\/www.club-tennis-point.de\/gtv\/#\/schema\/person\/a5d37a24c53ec7ff00b3d28198e4f574\"},\"headline\":\"Saisoner\u00f6ffnung 2023\",\"datePublished\":\"2023-04-21T10:50:56+00:00\",\"mainEntityOfPage\":{\"@id\":\"https:\/\/www.club-tennis-point.de\/gtv\/saison-2023\/\"},\"wordCount\":239,\"commentCount\":0,\"image\":{\"@id\":\"https:\/\/www.club-tennis-point.de\/gtv\/saison-2023\/#primaryimage\"},\"thumbnailUrl\":\"https:\/\/www.club-tennis-point.de\/gtv\/wp-content\/uploads\/2018\/02\/2021-09-05-Tag-der-offenen-Tuer-32-scaled.jpg\",\"inLanguage\":\"de\",\"potentialAction\":[{\"@type\":\"CommentAction\",\"name\":\"Comment\",\"target\":[\"https:\/\/www.club-tennis-point.de\/gtv\/saison-2023\/#respond\"]}]},{\"@type\":\"WebPage\",\"@id\":\"https:\/\/www.club-tennis-point.de\/gtv\/saison-2023\/\",\"url\":\"https:\/\/www.club-tennis-point.de\/gtv\/saison-2023\/\",\"name\":\"Saisoner\u00f6ffnung 2023 - GTV - Club Tennis-Point\",\"isPartOf\":{\"@id\":\"https:\/\/www.club-tennis-point.de\/gtv\/#website\"},\"primaryImageOfPage\":{\"@id\":\"https:\/\/www.club-tennis-point.de\/gtv\/saison-2023\/#primaryimage\"},\"image\":{\"@id\":\"https:\/\/www.club-tennis-point.de\/gtv\/saison-2023\/#primaryimage\"},\"thumbnailUrl\":\"https:\/\/www.club-tennis-point.de\/gtv\/wp-content\/uploads\/2018\/02\/2021-09-05-Tag-der-offenen-Tuer-32-scaled.jpg\",\"datePublished\":\"2023-04-21T10:50:56+00:00\",\"author\":{\"@id\":\"https:\/\/www.club-tennis-point.de\/gtv\/#\/schema\/person\/a5d37a24c53ec7ff00b3d28198e4f574\"},\"breadcrumb\":{\"@id\":\"https:\/\/www.club-tennis-point.de\/gtv\/saison-2023\/#breadcrumb\"},\"inLanguage\":\"de\",\"potentialAction\":[{\"@type\":\"ReadAction\",\"target\":[\"https:\/\/www.club-tennis-point.de\/gtv\/saison-2023\/\"]}]},{\"@type\":\"ImageObject\",\"inLanguage\":\"de\",\"@id\":\"https:\/\/www.club-tennis-point.de\/gtv\/saison-2023\/#primaryimage\",\"url\":\"https:\/\/www.club-tennis-point.de\/gtv\/wp-content\/uploads\/2018\/02\/2021-09-05-Tag-der-offenen-Tuer-32-scaled.jpg\",\"contentUrl\":\"https:\/\/www.club-tennis-point.de\/gtv\/wp-content\/uploads\/2018\/02\/2021-09-05-Tag-der-offenen-Tuer-32-scaled.jpg\",\"width\":2560,\"height\":1707},{\"@type\":\"BreadcrumbList\",\"@id\":\"https:\/\/www.club-tennis-point.de\/gtv\/saison-2023\/#breadcrumb\",\"itemListElement\":[{\"@type\":\"ListItem\",\"position\":1,\"name\":\"Startseite\",\"item\":\"https:\/\/www.club-tennis-point.de\/gtv\/\"},{\"@type\":\"ListItem\",\"position\":2,\"name\":\"Saisoner\u00f6ffnung 2023\"}]},{\"@type\":\"WebSite\",\"@id\":\"https:\/\/www.club-tennis-point.de\/gtv\/#website\",\"url\":\"https:\/\/www.club-tennis-point.de\/gtv\/\",\"name\":\"GTV - Club Tennis-Point\",\"description\":\"Tennisclub der Zukunft\",\"potentialAction\":[{\"@type\":\"SearchAction\",\"target\":{\"@type\":\"EntryPoint\",\"urlTemplate\":\"https:\/\/www.club-tennis-point.de\/gtv\/?s={search_term_string}\"},\"query-input\":{\"@type\":\"PropertyValueSpecification\",\"valueRequired\":true,\"valueName\":\"search_term_string\"}}],\"inLanguage\":\"de\"},{\"@type\":\"Person\",\"@id\":\"https:\/\/www.club-tennis-point.de\/gtv\/#\/schema\/person\/a5d37a24c53ec7ff00b3d28198e4f574\",\"name\":\"mjasper\",\"image\":{\"@type\":\"ImageObject\",\"inLanguage\":\"de\",\"@id\":\"https:\/\/www.club-tennis-point.de\/gtv\/#\/schema\/person\/image\/\",\"url\":\"https:\/\/secure.gravatar.com\/avatar\/6c440f9184719753b67aa1a8e9d12aa24776507d26e03c0e3c75ff0470d51984?s=96&d=mm&r=g\",\"contentUrl\":\"https:\/\/secure.gravatar.com\/avatar\/6c440f9184719753b67aa1a8e9d12aa24776507d26e03c0e3c75ff0470d51984?s=96&d=mm&r=g\",\"caption\":\"mjasper\"},\"sameAs\":[\"http:\/\/tennis.manuel-jasper.de\"],\"url\":\"https:\/\/www.club-tennis-point.de\/gtv\/author\/mjasper\/\"}]}<\/script>\n<!-- \/ Yoast SEO plugin. -->","yoast_head_json":{"title":"Saisoner\u00f6ffnung 2023 - GTV - Club Tennis-Point","robots":{"index":"index","follow":"follow","max-snippet":"max-snippet:-1","max-image-preview":"max-image-preview:large","max-video-preview":"max-video-preview:-1"},"canonical":"https:\/\/www.club-tennis-point.de\/gtv\/saison-2023\/","og_locale":"de_DE","og_type":"article","og_title":"Saisoner\u00f6ffnung 2023 - GTV - Club Tennis-Point","og_description":"Liebe Mitglieder*innen, endlich ist es wieder soweit und die Tennis-Au\u00dfensaison beginnt. Morgen am 22. April \u00f6ffnen unsere Pl\u00e4tze und parallel findet das Event \u201cTag des Tennis &amp; Padel\u201d statt. Ihr habt es bestimmt schon gesehen, rund um unser Clubheim befindet sich derzeit eine \u00a0Baustelle. Die Arbeiten gehen aus diversen Gr\u00fcnden aktuell nicht so voran, wie...Weiterlesen","og_url":"https:\/\/www.club-tennis-point.de\/gtv\/saison-2023\/","og_site_name":"GTV - Club Tennis-Point","article_published_time":"2023-04-21T10:50:56+00:00","og_image":[{"width":2560,"height":1707,"url":"https:\/\/www.club-tennis-point.de\/gtv\/wp-content\/uploads\/2018\/02\/2021-09-05-Tag-der-offenen-Tuer-32-scaled.jpg","type":"image\/jpeg"}],"author":"mjasper","twitter_card":"summary_large_image","twitter_misc":{"Verfasst von":"mjasper","Gesch\u00e4tzte Lesezeit":"1\u00a0Minute"},"schema":{"@context":"https:\/\/schema.org","@graph":[{"@type":"Article","@id":"https:\/\/www.club-tennis-point.de\/gtv\/saison-2023\/#article","isPartOf":{"@id":"https:\/\/www.club-tennis-point.de\/gtv\/saison-2023\/"},"author":{"name":"mjasper","@id":"https:\/\/www.club-tennis-point.de\/gtv\/#\/schema\/person\/a5d37a24c53ec7ff00b3d28198e4f574"},"headline":"Saisoner\u00f6ffnung 2023","datePublished":"2023-04-21T10:50:56+00:00","mainEntityOfPage":{"@id":"https:\/\/www.club-tennis-point.de\/gtv\/saison-2023\/"},"wordCount":239,"commentCount":0,"image":{"@id":"https:\/\/www.club-tennis-point.de\/gtv\/saison-2023\/#primaryimage"},"thumbnailUrl":"https:\/\/www.club-tennis-point.de\/gtv\/wp-content\/uploads\/2018\/02\/2021-09-05-Tag-der-offenen-Tuer-32-scaled.jpg","inLanguage":"de","potentialAction":[{"@type":"CommentAction","name":"Comment","target":["https:\/\/www.club-tennis-point.de\/gtv\/saison-2023\/#respond"]}]},{"@type":"WebPage","@id":"https:\/\/www.club-tennis-point.de\/gtv\/saison-2023\/","url":"https:\/\/www.club-tennis-point.de\/gtv\/saison-2023\/","name":"Saisoner\u00f6ffnung 2023 - GTV - Club Tennis-Point","isPartOf":{"@id":"https:\/\/www.club-tennis-point.de\/gtv\/#website"},"primaryImageOfPage":{"@id":"https:\/\/www.club-tennis-point.de\/gtv\/saison-2023\/#primaryimage"},"image":{"@id":"https:\/\/www.club-tennis-point.de\/gtv\/saison-2023\/#primaryimage"},"thumbnailUrl":"https:\/\/www.club-tennis-point.de\/gtv\/wp-content\/uploads\/2018\/02\/2021-09-05-Tag-der-offenen-Tuer-32-scaled.jpg","datePublished":"2023-04-21T10:50:56+00:00","author":{"@id":"https:\/\/www.club-tennis-point.de\/gtv\/#\/schema\/person\/a5d37a24c53ec7ff00b3d28198e4f574"},"breadcrumb":{"@id":"https:\/\/www.club-tennis-point.de\/gtv\/saison-2023\/#breadcrumb"},"inLanguage":"de","potentialAction":[{"@type":"ReadAction","target":["https:\/\/www.club-tennis-point.de\/gtv\/saison-2023\/"]}]},{"@type":"ImageObject","inLanguage":"de","@id":"https:\/\/www.club-tennis-point.de\/gtv\/saison-2023\/#primaryimage","url":"https:\/\/www.club-tennis-point.de\/gtv\/wp-content\/uploads\/2018\/02\/2021-09-05-Tag-der-offenen-Tuer-32-scaled.jpg","contentUrl":"https:\/\/www.club-tennis-point.de\/gtv\/wp-content\/uploads\/2018\/02\/2021-09-05-Tag-der-offenen-Tuer-32-scaled.jpg","width":2560,"height":1707},{"@type":"BreadcrumbList","@id":"https:\/\/www.club-tennis-point.de\/gtv\/saison-2023\/#breadcrumb","itemListElement":[{"@type":"ListItem","position":1,"name":"Startseite","item":"https:\/\/www.club-tennis-point.de\/gtv\/"},{"@type":"ListItem","position":2,"name":"Saisoner\u00f6ffnung 2023"}]},{"@type":"WebSite","@id":"https:\/\/www.club-tennis-point.de\/gtv\/#website","url":"https:\/\/www.club-tennis-point.de\/gtv\/","name":"GTV - Club Tennis-Point","description":"Tennisclub der Zukunft","potentialAction":[{"@type":"SearchAction","target":{"@type":"EntryPoint","urlTemplate":"https:\/\/www.club-tennis-point.de\/gtv\/?s={search_term_string}"},"query-input":{"@type":"PropertyValueSpecification","valueRequired":true,"valueName":"search_term_string"}}],"inLanguage":"de"},{"@type":"Person","@id":"https:\/\/www.club-tennis-point.de\/gtv\/#\/schema\/person\/a5d37a24c53ec7ff00b3d28198e4f574","name":"mjasper","image":{"@type":"ImageObject","inLanguage":"de","@id":"https:\/\/www.club-tennis-point.de\/gtv\/#\/schema\/person\/image\/","url":"https:\/\/secure.gravatar.com\/avatar\/6c440f9184719753b67aa1a8e9d12aa24776507d26e03c0e3c75ff0470d51984?s=96&d=mm&r=g","contentUrl":"https:\/\/secure.gravatar.com\/avatar\/6c440f9184719753b67aa1a8e9d12aa24776507d26e03c0e3c75ff0470d51984?s=96&d=mm&r=g","caption":"mjasper"},"sameAs":["http:\/\/tennis.manuel-jasper.de"],"url":"https:\/\/www.club-tennis-point.de\/gtv\/author\/mjasper\/"}]}},"_links":{"self":[{"href":"https:\/\/www.club-tennis-point.de\/gtv\/wp-json\/wp\/v2\/posts\/4850","targetHints":{"allow":["GET"]}}],"collection":[{"href":"https:\/\/www.club-tennis-point.de\/gtv\/wp-json\/wp\/v2\/posts"}],"about":[{"href":"https:\/\/www.club-tennis-point.de\/gtv\/wp-json\/wp\/v2\/types\/post"}],"author":[{"embeddable":true,"href":"https:\/\/www.club-tennis-point.de\/gtv\/wp-json\/wp\/v2\/users\/1"}],"replies":[{"embeddable":true,"href":"https:\/\/www.club-tennis-point.de\/gtv\/wp-json\/wp\/v2\/comments?post=4850"}],"version-history":[{"count":3,"href":"https:\/\/www.club-tennis-point.de\/gtv\/wp-json\/wp\/v2\/posts\/4850\/revisions"}],"predecessor-version":[{"id":4861,"href":"https:\/\/www.club-tennis-point.de\/gtv\/wp-json\/wp\/v2\/posts\/4850\/revisions\/4861"}],"wp:featuredmedia":[{"embeddable":true,"href":"https:\/\/www.club-tennis-point.de\/gtv\/wp-json\/wp\/v2\/media\/4144"}],"wp:attachment":[{"href":"https:\/\/www.club-tennis-point.de\/gtv\/wp-json\/wp\/v2\/media?parent=4850"}],"wp:term":[{"taxonomy":"category","embeddable":true,"href":"https:\/\/www.club-tennis-point.de\/gtv\/wp-json\/wp\/v2\/categories?post=4850"},{"taxonomy":"post_tag","embeddable":true,"href":"https:\/\/www.club-tennis-point.de\/gtv\/wp-json\/wp\/v2\/tags?post=4850"}],"curies":[{"name":"wp","href":"https:\/\/api.w.org\/{rel}","templated":true}]}}