{"id":5034,"date":"2023-09-08T16:44:12","date_gmt":"2023-09-08T14:44:12","guid":{"rendered":"https:\/\/www.club-tennis-point.de\/gtv\/?p=5034"},"modified":"2023-09-08T16:44:48","modified_gmt":"2023-09-08T14:44:48","slug":"16-09-2-guetersloher-head-padel-cup","status":"publish","type":"post","link":"https:\/\/www.club-tennis-point.de\/gtv\/16-09-2-guetersloher-head-padel-cup\/","title":{"rendered":"16.09. &#8211; 2. G\u00fctersloher HEAD Padel-Cup"},"content":{"rendered":"<p>Am Samstag, den 16.09. und Sonntag, den 17.09. ist es endlich soweit! Beim GTV Club Tennis-Point findet der 2. G\u00fctersloher HEAD Padel-Cup statt.<\/p>\n<p>Am Samstag findet die Gruppenphase statt und Sonntags dann das Halbfinale und Finale.<\/p>\n<p>Jede*r Teilnehmer*in erh\u00e4lt ein Welcome-Pr\u00e4sent und f\u00fcr die Sieger gibt es tolle Preise von HEAD.<\/p>\n<p>Sucht Euch Eure*n Lieblingspartner*in und meldet Euch hier an. Die Teilnehmerzahl ist auf 16 Paare begrenzt!<\/p>\n<h2><strong>Spielmodus: Best-of-Three<\/strong><\/h2>\n<p>In allen Wettbewerben gehen die Spiele \u00fcber zwei Gewinns\u00e4tze, wobei in den S\u00e4tzen die Golden-Point-Regel zur Anwendung kommt. Diese schreibt vor, dass bei Einstand (40:40) das r\u00fcckschlagende Team bestimmen darf, auf welche Seite der Aufschl\u00e4ger serviert. Das Spiel wird dann durch den n\u00e4chsten Punkt entschieden.<\/p>\n<p>Der dritte Entscheidungssatz wird als Matchtiebreak gespielt, wird also f\u00fcr die Paarung entschieden, die als erste zehn Punkte mit mindestens zwei Punkten Abstand erreicht (ab 9:9 wird solange gespielt, bis ein Team zwei aufeinanderfolgende Punkte macht).<\/p>\n<p><a href=\"https:\/\/www.eversports.de\/widget\/w\/0zb7s6?event=561168&amp;type=event\">JETZT ANMELDEN<\/a><\/p>\n","protected":false},"excerpt":{"rendered":"<p>Am Samstag, den 16.09. und Sonntag, den 17.09. ist es endlich soweit! Beim GTV Club Tennis-Point findet der 2. G\u00fctersloher HEAD Padel-Cup statt. Am Samstag findet die Gruppenphase statt und Sonntags dann das Halbfinale und Finale. Jede*r Teilnehmer*in erh\u00e4lt ein Welcome-Pr\u00e4sent und f\u00fcr die Sieger gibt es tolle Preise von HEAD. Sucht Euch Eure*n Lieblingspartner*in&#8230;<\/p>\n<div class=\"read-more-link-wrapper text-center\"><a class=\"read-more-link\" href=\"https:\/\/www.club-tennis-point.de\/gtv\/16-09-2-guetersloher-head-padel-cup\/\"><i class=\"icon-next\"><\/i>Weiterlesen<\/a><\/div>\n","protected":false},"author":1,"featured_media":4614,"comment_status":"open","ping_status":"open","sticky":false,"template":"","format":"standard","meta":{"footnotes":""},"categories":[1],"tags":[],"class_list":["post-5034","post","type-post","status-publish","format-standard","has-post-thumbnail","hentry","category-allgemein"],"yoast_head":"<!-- This site is optimized with the Yoast SEO plugin v27.1.1 - https:\/\/yoast.com\/product\/yoast-seo-wordpress\/ -->\n<title>16.09. - 2. G\u00fctersloher HEAD Padel-Cup - GTV - Club Tennis-Point<\/title>\n<meta name=\"robots\" content=\"index, follow, max-snippet:-1, max-image-preview:large, max-video-preview:-1\" \/>\n<link rel=\"canonical\" href=\"https:\/\/www.club-tennis-point.de\/gtv\/16-09-2-guetersloher-head-padel-cup\/\" \/>\n<meta property=\"og:locale\" content=\"de_DE\" \/>\n<meta property=\"og:type\" content=\"article\" \/>\n<meta property=\"og:title\" content=\"16.09. - 2. G\u00fctersloher HEAD Padel-Cup - GTV - Club Tennis-Point\" \/>\n<meta property=\"og:description\" content=\"Am Samstag, den 16.09. und Sonntag, den 17.09. ist es endlich soweit! Beim GTV Club Tennis-Point findet der 2. G\u00fctersloher HEAD Padel-Cup statt. Am Samstag findet die Gruppenphase statt und Sonntags dann das Halbfinale und Finale. Jede*r Teilnehmer*in erh\u00e4lt ein Welcome-Pr\u00e4sent und f\u00fcr die Sieger gibt es tolle Preise von HEAD. Sucht Euch Eure*n Lieblingspartner*in...Weiterlesen\" \/>\n<meta property=\"og:url\" content=\"https:\/\/www.club-tennis-point.de\/gtv\/16-09-2-guetersloher-head-padel-cup\/\" \/>\n<meta property=\"og:site_name\" content=\"GTV - Club Tennis-Point\" \/>\n<meta property=\"article:published_time\" content=\"2023-09-08T14:44:12+00:00\" \/>\n<meta property=\"article:modified_time\" content=\"2023-09-08T14:44:48+00:00\" \/>\n<meta property=\"og:image\" content=\"https:\/\/www.club-tennis-point.de\/gtv\/wp-content\/uploads\/2022\/08\/padel-cup-guetersloh-1.jpg\" \/>\n\t<meta property=\"og:image:width\" content=\"1440\" \/>\n\t<meta property=\"og:image:height\" content=\"840\" \/>\n\t<meta property=\"og:image:type\" content=\"image\/jpeg\" \/>\n<meta name=\"author\" content=\"mjasper\" \/>\n<meta name=\"twitter:card\" content=\"summary_large_image\" \/>\n<meta name=\"twitter:label1\" content=\"Verfasst von\" \/>\n\t<meta name=\"twitter:data1\" content=\"mjasper\" \/>\n\t<meta name=\"twitter:label2\" content=\"Gesch\u00e4tzte Lesezeit\" \/>\n\t<meta name=\"twitter:data2\" content=\"1\u00a0Minute\" \/>\n<script type=\"application\/ld+json\" class=\"yoast-schema-graph\">{\"@context\":\"https:\/\/schema.org\",\"@graph\":[{\"@type\":\"Article\",\"@id\":\"https:\/\/www.club-tennis-point.de\/gtv\/16-09-2-guetersloher-head-padel-cup\/#article\",\"isPartOf\":{\"@id\":\"https:\/\/www.club-tennis-point.de\/gtv\/16-09-2-guetersloher-head-padel-cup\/\"},\"author\":{\"name\":\"mjasper\",\"@id\":\"https:\/\/www.club-tennis-point.de\/gtv\/#\/schema\/person\/a5d37a24c53ec7ff00b3d28198e4f574\"},\"headline\":\"16.09. &#8211; 2. G\u00fctersloher HEAD Padel-Cup\",\"datePublished\":\"2023-09-08T14:44:12+00:00\",\"dateModified\":\"2023-09-08T14:44:48+00:00\",\"mainEntityOfPage\":{\"@id\":\"https:\/\/www.club-tennis-point.de\/gtv\/16-09-2-guetersloher-head-padel-cup\/\"},\"wordCount\":165,\"commentCount\":0,\"image\":{\"@id\":\"https:\/\/www.club-tennis-point.de\/gtv\/16-09-2-guetersloher-head-padel-cup\/#primaryimage\"},\"thumbnailUrl\":\"https:\/\/www.club-tennis-point.de\/gtv\/wp-content\/uploads\/2022\/08\/padel-cup-guetersloh-1.jpg\",\"inLanguage\":\"de\",\"potentialAction\":[{\"@type\":\"CommentAction\",\"name\":\"Comment\",\"target\":[\"https:\/\/www.club-tennis-point.de\/gtv\/16-09-2-guetersloher-head-padel-cup\/#respond\"]}]},{\"@type\":\"WebPage\",\"@id\":\"https:\/\/www.club-tennis-point.de\/gtv\/16-09-2-guetersloher-head-padel-cup\/\",\"url\":\"https:\/\/www.club-tennis-point.de\/gtv\/16-09-2-guetersloher-head-padel-cup\/\",\"name\":\"16.09. - 2. G\u00fctersloher HEAD Padel-Cup - GTV - Club Tennis-Point\",\"isPartOf\":{\"@id\":\"https:\/\/www.club-tennis-point.de\/gtv\/#website\"},\"primaryImageOfPage\":{\"@id\":\"https:\/\/www.club-tennis-point.de\/gtv\/16-09-2-guetersloher-head-padel-cup\/#primaryimage\"},\"image\":{\"@id\":\"https:\/\/www.club-tennis-point.de\/gtv\/16-09-2-guetersloher-head-padel-cup\/#primaryimage\"},\"thumbnailUrl\":\"https:\/\/www.club-tennis-point.de\/gtv\/wp-content\/uploads\/2022\/08\/padel-cup-guetersloh-1.jpg\",\"datePublished\":\"2023-09-08T14:44:12+00:00\",\"dateModified\":\"2023-09-08T14:44:48+00:00\",\"author\":{\"@id\":\"https:\/\/www.club-tennis-point.de\/gtv\/#\/schema\/person\/a5d37a24c53ec7ff00b3d28198e4f574\"},\"breadcrumb\":{\"@id\":\"https:\/\/www.club-tennis-point.de\/gtv\/16-09-2-guetersloher-head-padel-cup\/#breadcrumb\"},\"inLanguage\":\"de\",\"potentialAction\":[{\"@type\":\"ReadAction\",\"target\":[\"https:\/\/www.club-tennis-point.de\/gtv\/16-09-2-guetersloher-head-padel-cup\/\"]}]},{\"@type\":\"ImageObject\",\"inLanguage\":\"de\",\"@id\":\"https:\/\/www.club-tennis-point.de\/gtv\/16-09-2-guetersloher-head-padel-cup\/#primaryimage\",\"url\":\"https:\/\/www.club-tennis-point.de\/gtv\/wp-content\/uploads\/2022\/08\/padel-cup-guetersloh-1.jpg\",\"contentUrl\":\"https:\/\/www.club-tennis-point.de\/gtv\/wp-content\/uploads\/2022\/08\/padel-cup-guetersloh-1.jpg\",\"width\":1440,\"height\":840},{\"@type\":\"BreadcrumbList\",\"@id\":\"https:\/\/www.club-tennis-point.de\/gtv\/16-09-2-guetersloher-head-padel-cup\/#breadcrumb\",\"itemListElement\":[{\"@type\":\"ListItem\",\"position\":1,\"name\":\"Startseite\",\"item\":\"https:\/\/www.club-tennis-point.de\/gtv\/\"},{\"@type\":\"ListItem\",\"position\":2,\"name\":\"16.09. &#8211; 2. G\u00fctersloher HEAD Padel-Cup\"}]},{\"@type\":\"WebSite\",\"@id\":\"https:\/\/www.club-tennis-point.de\/gtv\/#website\",\"url\":\"https:\/\/www.club-tennis-point.de\/gtv\/\",\"name\":\"GTV - Club Tennis-Point\",\"description\":\"Tennisclub der Zukunft\",\"potentialAction\":[{\"@type\":\"SearchAction\",\"target\":{\"@type\":\"EntryPoint\",\"urlTemplate\":\"https:\/\/www.club-tennis-point.de\/gtv\/?s={search_term_string}\"},\"query-input\":{\"@type\":\"PropertyValueSpecification\",\"valueRequired\":true,\"valueName\":\"search_term_string\"}}],\"inLanguage\":\"de\"},{\"@type\":\"Person\",\"@id\":\"https:\/\/www.club-tennis-point.de\/gtv\/#\/schema\/person\/a5d37a24c53ec7ff00b3d28198e4f574\",\"name\":\"mjasper\",\"image\":{\"@type\":\"ImageObject\",\"inLanguage\":\"de\",\"@id\":\"https:\/\/www.club-tennis-point.de\/gtv\/#\/schema\/person\/image\/\",\"url\":\"https:\/\/secure.gravatar.com\/avatar\/6c440f9184719753b67aa1a8e9d12aa24776507d26e03c0e3c75ff0470d51984?s=96&d=mm&r=g\",\"contentUrl\":\"https:\/\/secure.gravatar.com\/avatar\/6c440f9184719753b67aa1a8e9d12aa24776507d26e03c0e3c75ff0470d51984?s=96&d=mm&r=g\",\"caption\":\"mjasper\"},\"sameAs\":[\"http:\/\/tennis.manuel-jasper.de\"],\"url\":\"https:\/\/www.club-tennis-point.de\/gtv\/author\/mjasper\/\"}]}<\/script>\n<!-- \/ Yoast SEO plugin. -->","yoast_head_json":{"title":"16.09. - 2. G\u00fctersloher HEAD Padel-Cup - GTV - Club Tennis-Point","robots":{"index":"index","follow":"follow","max-snippet":"max-snippet:-1","max-image-preview":"max-image-preview:large","max-video-preview":"max-video-preview:-1"},"canonical":"https:\/\/www.club-tennis-point.de\/gtv\/16-09-2-guetersloher-head-padel-cup\/","og_locale":"de_DE","og_type":"article","og_title":"16.09. - 2. G\u00fctersloher HEAD Padel-Cup - GTV - Club Tennis-Point","og_description":"Am Samstag, den 16.09. und Sonntag, den 17.09. ist es endlich soweit! Beim GTV Club Tennis-Point findet der 2. G\u00fctersloher HEAD Padel-Cup statt. Am Samstag findet die Gruppenphase statt und Sonntags dann das Halbfinale und Finale. Jede*r Teilnehmer*in erh\u00e4lt ein Welcome-Pr\u00e4sent und f\u00fcr die Sieger gibt es tolle Preise von HEAD. Sucht Euch Eure*n Lieblingspartner*in...Weiterlesen","og_url":"https:\/\/www.club-tennis-point.de\/gtv\/16-09-2-guetersloher-head-padel-cup\/","og_site_name":"GTV - Club Tennis-Point","article_published_time":"2023-09-08T14:44:12+00:00","article_modified_time":"2023-09-08T14:44:48+00:00","og_image":[{"width":1440,"height":840,"url":"https:\/\/www.club-tennis-point.de\/gtv\/wp-content\/uploads\/2022\/08\/padel-cup-guetersloh-1.jpg","type":"image\/jpeg"}],"author":"mjasper","twitter_card":"summary_large_image","twitter_misc":{"Verfasst von":"mjasper","Gesch\u00e4tzte Lesezeit":"1\u00a0Minute"},"schema":{"@context":"https:\/\/schema.org","@graph":[{"@type":"Article","@id":"https:\/\/www.club-tennis-point.de\/gtv\/16-09-2-guetersloher-head-padel-cup\/#article","isPartOf":{"@id":"https:\/\/www.club-tennis-point.de\/gtv\/16-09-2-guetersloher-head-padel-cup\/"},"author":{"name":"mjasper","@id":"https:\/\/www.club-tennis-point.de\/gtv\/#\/schema\/person\/a5d37a24c53ec7ff00b3d28198e4f574"},"headline":"16.09. &#8211; 2. G\u00fctersloher HEAD Padel-Cup","datePublished":"2023-09-08T14:44:12+00:00","dateModified":"2023-09-08T14:44:48+00:00","mainEntityOfPage":{"@id":"https:\/\/www.club-tennis-point.de\/gtv\/16-09-2-guetersloher-head-padel-cup\/"},"wordCount":165,"commentCount":0,"image":{"@id":"https:\/\/www.club-tennis-point.de\/gtv\/16-09-2-guetersloher-head-padel-cup\/#primaryimage"},"thumbnailUrl":"https:\/\/www.club-tennis-point.de\/gtv\/wp-content\/uploads\/2022\/08\/padel-cup-guetersloh-1.jpg","inLanguage":"de","potentialAction":[{"@type":"CommentAction","name":"Comment","target":["https:\/\/www.club-tennis-point.de\/gtv\/16-09-2-guetersloher-head-padel-cup\/#respond"]}]},{"@type":"WebPage","@id":"https:\/\/www.club-tennis-point.de\/gtv\/16-09-2-guetersloher-head-padel-cup\/","url":"https:\/\/www.club-tennis-point.de\/gtv\/16-09-2-guetersloher-head-padel-cup\/","name":"16.09. - 2. G\u00fctersloher HEAD Padel-Cup - GTV - Club Tennis-Point","isPartOf":{"@id":"https:\/\/www.club-tennis-point.de\/gtv\/#website"},"primaryImageOfPage":{"@id":"https:\/\/www.club-tennis-point.de\/gtv\/16-09-2-guetersloher-head-padel-cup\/#primaryimage"},"image":{"@id":"https:\/\/www.club-tennis-point.de\/gtv\/16-09-2-guetersloher-head-padel-cup\/#primaryimage"},"thumbnailUrl":"https:\/\/www.club-tennis-point.de\/gtv\/wp-content\/uploads\/2022\/08\/padel-cup-guetersloh-1.jpg","datePublished":"2023-09-08T14:44:12+00:00","dateModified":"2023-09-08T14:44:48+00:00","author":{"@id":"https:\/\/www.club-tennis-point.de\/gtv\/#\/schema\/person\/a5d37a24c53ec7ff00b3d28198e4f574"},"breadcrumb":{"@id":"https:\/\/www.club-tennis-point.de\/gtv\/16-09-2-guetersloher-head-padel-cup\/#breadcrumb"},"inLanguage":"de","potentialAction":[{"@type":"ReadAction","target":["https:\/\/www.club-tennis-point.de\/gtv\/16-09-2-guetersloher-head-padel-cup\/"]}]},{"@type":"ImageObject","inLanguage":"de","@id":"https:\/\/www.club-tennis-point.de\/gtv\/16-09-2-guetersloher-head-padel-cup\/#primaryimage","url":"https:\/\/www.club-tennis-point.de\/gtv\/wp-content\/uploads\/2022\/08\/padel-cup-guetersloh-1.jpg","contentUrl":"https:\/\/www.club-tennis-point.de\/gtv\/wp-content\/uploads\/2022\/08\/padel-cup-guetersloh-1.jpg","width":1440,"height":840},{"@type":"BreadcrumbList","@id":"https:\/\/www.club-tennis-point.de\/gtv\/16-09-2-guetersloher-head-padel-cup\/#breadcrumb","itemListElement":[{"@type":"ListItem","position":1,"name":"Startseite","item":"https:\/\/www.club-tennis-point.de\/gtv\/"},{"@type":"ListItem","position":2,"name":"16.09. &#8211; 2. G\u00fctersloher HEAD Padel-Cup"}]},{"@type":"WebSite","@id":"https:\/\/www.club-tennis-point.de\/gtv\/#website","url":"https:\/\/www.club-tennis-point.de\/gtv\/","name":"GTV - Club Tennis-Point","description":"Tennisclub der Zukunft","potentialAction":[{"@type":"SearchAction","target":{"@type":"EntryPoint","urlTemplate":"https:\/\/www.club-tennis-point.de\/gtv\/?s={search_term_string}"},"query-input":{"@type":"PropertyValueSpecification","valueRequired":true,"valueName":"search_term_string"}}],"inLanguage":"de"},{"@type":"Person","@id":"https:\/\/www.club-tennis-point.de\/gtv\/#\/schema\/person\/a5d37a24c53ec7ff00b3d28198e4f574","name":"mjasper","image":{"@type":"ImageObject","inLanguage":"de","@id":"https:\/\/www.club-tennis-point.de\/gtv\/#\/schema\/person\/image\/","url":"https:\/\/secure.gravatar.com\/avatar\/6c440f9184719753b67aa1a8e9d12aa24776507d26e03c0e3c75ff0470d51984?s=96&d=mm&r=g","contentUrl":"https:\/\/secure.gravatar.com\/avatar\/6c440f9184719753b67aa1a8e9d12aa24776507d26e03c0e3c75ff0470d51984?s=96&d=mm&r=g","caption":"mjasper"},"sameAs":["http:\/\/tennis.manuel-jasper.de"],"url":"https:\/\/www.club-tennis-point.de\/gtv\/author\/mjasper\/"}]}},"_links":{"self":[{"href":"https:\/\/www.club-tennis-point.de\/gtv\/wp-json\/wp\/v2\/posts\/5034","targetHints":{"allow":["GET"]}}],"collection":[{"href":"https:\/\/www.club-tennis-point.de\/gtv\/wp-json\/wp\/v2\/posts"}],"about":[{"href":"https:\/\/www.club-tennis-point.de\/gtv\/wp-json\/wp\/v2\/types\/post"}],"author":[{"embeddable":true,"href":"https:\/\/www.club-tennis-point.de\/gtv\/wp-json\/wp\/v2\/users\/1"}],"replies":[{"embeddable":true,"href":"https:\/\/www.club-tennis-point.de\/gtv\/wp-json\/wp\/v2\/comments?post=5034"}],"version-history":[{"count":2,"href":"https:\/\/www.club-tennis-point.de\/gtv\/wp-json\/wp\/v2\/posts\/5034\/revisions"}],"predecessor-version":[{"id":5036,"href":"https:\/\/www.club-tennis-point.de\/gtv\/wp-json\/wp\/v2\/posts\/5034\/revisions\/5036"}],"wp:featuredmedia":[{"embeddable":true,"href":"https:\/\/www.club-tennis-point.de\/gtv\/wp-json\/wp\/v2\/media\/4614"}],"wp:attachment":[{"href":"https:\/\/www.club-tennis-point.de\/gtv\/wp-json\/wp\/v2\/media?parent=5034"}],"wp:term":[{"taxonomy":"category","embeddable":true,"href":"https:\/\/www.club-tennis-point.de\/gtv\/wp-json\/wp\/v2\/categories?post=5034"},{"taxonomy":"post_tag","embeddable":true,"href":"https:\/\/www.club-tennis-point.de\/gtv\/wp-json\/wp\/v2\/tags?post=5034"}],"curies":[{"name":"wp","href":"https:\/\/api.w.org\/{rel}","templated":true}]}}